{"id":2261,"date":"2017-01-20T12:47:17","date_gmt":"2017-01-20T11:47:17","guid":{"rendered":"https:\/\/www.connorsa.es\/connorsa-expose-a-biofach-exposition-agricole-de-leco-biologique\/"},"modified":"2023-05-15T13:15:24","modified_gmt":"2023-05-15T11:15:24","slug":"connorsa-expose-a-biofach-exposition-agricole-de-leco-biologique","status":"publish","type":"post","link":"https:\/\/www.connorsa.es\/fr\/connorsa-expose-a-biofach-exposition-agricole-de-leco-biologique\/","title":{"rendered":"CONNORSA \u00e9xpose \u00e0 BIOFACH, exposition agricole de l&rsquo;\u00e9co-biologique"},"content":{"rendered":"\n<p><\/p>\n\n\n\n<p><span class=\"s1\"><strong>Biofach 2017<\/strong> r\u00e9unira du 15 au 18 F\u00e9vrier au <strong>Centre d&rsquo;exposition de Nuremberg<\/strong>,<strong> en Allemagne<\/strong>, les principaux protagonistes du commerce international et de la production d&rsquo;aliments biologiques. C&rsquo;est la plus grande r\u00e9union du monde dans ce domaine.<\/span><\/p>\n\n\n\n<p><span class=\"s1\">Dans cette \u00e9dition se r\u00e9unira plus de 2.300 exposants internationaux de produits alimentaires obtenus par des proc\u00e9d\u00e9s \u00e9cologiques-organiques qui r\u00e9pondent aux tendances de consommation sur le march\u00e9 mondial, un ph\u00e9nom\u00e8ne qui se d\u00e9veloppe et qui est associ\u00e9 \u00e0 un r\u00e9gime alimentaire plus \u00e9quilibr\u00e9 et naturel, avec une attention particuli\u00e8re sur le continent europ\u00e9en.<\/span><\/p>\n\n\n\n<p><span class=\"s1\"><strong>CONNORSA<\/strong> sera pr\u00e9sent \u00e0 cette exposition importante avec un espace situ\u00e9 \u00e0 l&rsquo;int\u00e9rieur de la cabine <strong>CRAEGA<\/strong> (Consello Regulador de Agricultura Ecol\u00f3xica de Galicia) pour faire conna\u00eetre notre gamme de produits \u00e9cologiques&nbsp;<strong>CABO DE PE\u00d1AS<\/strong>.&nbsp;<\/span><\/p>\n","protected":false},"excerpt":{"rendered":"<p>Biofach 2017 r\u00e9unira du 15 au 18 F\u00e9vrier au Centre d&rsquo;exposition de Nuremberg, en Allemagne, les principaux protagonistes du commerce international et de la production d&rsquo;aliments biologiques. C&rsquo;est la plus grande r\u00e9union du monde dans ce domaine. Dans cette \u00e9dition se r\u00e9unira plus de 2.300 exposants internationaux de produits alimentaires obtenus par des proc\u00e9d\u00e9s \u00e9cologiques-organiques &#8230; <a title=\"CONNORSA \u00e9xpose \u00e0 BIOFACH, exposition agricole de l&rsquo;\u00e9co-biologique\" class=\"read-more\" href=\"https:\/\/www.connorsa.es\/fr\/connorsa-expose-a-biofach-exposition-agricole-de-leco-biologique\/\" aria-label=\"En savoir plus sur CONNORSA \u00e9xpose \u00e0 BIOFACH, exposition agricole de l&rsquo;\u00e9co-biologique\">Lire la suite<\/a><\/p>\n","protected":false},"author":1,"featured_media":1710,"comment_status":"open","ping_status":"open","sticky":false,"template":"","format":"standard","meta":{"footnotes":""},"categories":[62],"tags":[],"class_list":["post-2261","post","type-post","status-publish","format-standard","has-post-thumbnail","hentry","category-nouvelles"],"acf":[],"_links":{"self":[{"href":"https:\/\/www.connorsa.es\/fr\/wp-json\/wp\/v2\/posts\/2261","targetHints":{"allow":["GET"]}}],"collection":[{"href":"https:\/\/www.connorsa.es\/fr\/wp-json\/wp\/v2\/posts"}],"about":[{"href":"https:\/\/www.connorsa.es\/fr\/wp-json\/wp\/v2\/types\/post"}],"author":[{"embeddable":true,"href":"https:\/\/www.connorsa.es\/fr\/wp-json\/wp\/v2\/users\/1"}],"replies":[{"embeddable":true,"href":"https:\/\/www.connorsa.es\/fr\/wp-json\/wp\/v2\/comments?post=2261"}],"version-history":[{"count":0,"href":"https:\/\/www.connorsa.es\/fr\/wp-json\/wp\/v2\/posts\/2261\/revisions"}],"wp:featuredmedia":[{"embeddable":true,"href":"https:\/\/www.connorsa.es\/fr\/wp-json\/wp\/v2\/media\/1710"}],"wp:attachment":[{"href":"https:\/\/www.connorsa.es\/fr\/wp-json\/wp\/v2\/media?parent=2261"}],"wp:term":[{"taxonomy":"category","embeddable":true,"href":"https:\/\/www.connorsa.es\/fr\/wp-json\/wp\/v2\/categories?post=2261"},{"taxonomy":"post_tag","embeddable":true,"href":"https:\/\/www.connorsa.es\/fr\/wp-json\/wp\/v2\/tags?post=2261"}],"curies":[{"name":"wp","href":"https:\/\/api.w.org\/{rel}","templated":true}]}}