{"id":2307,"date":"2019-07-04T15:00:52","date_gmt":"2019-07-04T13:00:52","guid":{"rendered":"https:\/\/www.connorsa.es\/cabo-de-penas-participe-au-festival-galicien-du-cinema-et-de-lalimentation-new-york\/"},"modified":"2023-05-15T13:23:19","modified_gmt":"2023-05-15T11:23:19","slug":"cabo-de-penas-participe-au-festival-galicien-du-cinema-et-de-lalimentation-new-york","status":"publish","type":"post","link":"https:\/\/www.connorsa.es\/fr\/cabo-de-penas-participe-au-festival-galicien-du-cinema-et-de-lalimentation-new-york\/","title":{"rendered":"Cabo de Pe\u00f1as participe au Festival Galicien du Cin\u00e9ma et de l&rsquo;Alimentation, New York"},"content":{"rendered":"\n<p class=\"has-text-align-center\"><\/p>\n\n\n\n<p>Pour la quatri\u00e8me fois, la gastronomie galicienne tombe amoureuse des New-Yorkais au <a href=\"http:\/\/www.galiciancinemafestival.gal\/\" target=\"_blank\" rel=\"noopener\">Festival Galicien du Cin\u00e9ma et de l&rsquo;Alimentation<\/a>, une \u00e9dition inspir\u00e9e principalement par les saveurs et les exp\u00e9riences du Chemin de Saint-Jacques.<\/p>\n\n\n\n<p>Au cours de la derni\u00e8re semaine de juin \u00e0 l&rsquo;Institut Cervantes de Manhattan, diff\u00e9rentes propositions culinaires ont \u00e9t\u00e9 salu\u00e9es : empanada de turbot galicien, ventre de thon, brochettes de poulpe, moules aux haricots Lourenz\u00e1, g\u00e2teau Santiago ?<\/p>\n\n\n\n<p>La chef Luc\u00eda Freitas, \u00e9toile Michelin 2019, \u00e9tait la coordinatrice du Showcooking. En tant que marque ambassadrice de cette d\u00e9gustation, a <strong>\u00e9t\u00e9 notre gamme de conserves Cabo de Pe\u00f1as repr\u00e9sentant et la promotion<\/strong> de la consommation de produits galiciens.<\/p>\n\n\n\n<p>La technique de mise en conserve et la qualit\u00e9 des produits ont \u00e9t\u00e9 particuli\u00e8rement applaudies par les participants.<\/p>\n\n\n\n<p>En outre, ils ont \u00e9t\u00e9 ravis par une exposition de cin\u00e9ma et d&rsquo;audiovisuel exceptionnels, des expositions photographiques et un joueur de cornemuse typiquement galicien (\u00ab\u00a0gaiteiro\u00a0\u00bb), un \u00e9v\u00e9nement dans le plus pur style galicien.<\/p>\n","protected":false},"excerpt":{"rendered":"<p>Pour la quatri\u00e8me fois, la gastronomie galicienne tombe amoureuse des New-Yorkais au Festival Galicien du Cin\u00e9ma et de l&rsquo;Alimentation, une \u00e9dition inspir\u00e9e principalement par les saveurs et les exp\u00e9riences du Chemin de Saint-Jacques. Au cours de la derni\u00e8re semaine de juin \u00e0 l&rsquo;Institut Cervantes de Manhattan, diff\u00e9rentes propositions culinaires ont \u00e9t\u00e9 salu\u00e9es : empanada de &#8230; <a title=\"Cabo de Pe\u00f1as participe au Festival Galicien du Cin\u00e9ma et de l&rsquo;Alimentation, New York\" class=\"read-more\" href=\"https:\/\/www.connorsa.es\/fr\/cabo-de-penas-participe-au-festival-galicien-du-cinema-et-de-lalimentation-new-york\/\" aria-label=\"En savoir plus sur Cabo de Pe\u00f1as participe au Festival Galicien du Cin\u00e9ma et de l&rsquo;Alimentation, New York\">Lire la suite<\/a><\/p>\n","protected":false},"author":1,"featured_media":1847,"comment_status":"open","ping_status":"open","sticky":false,"template":"","format":"standard","meta":{"footnotes":""},"categories":[62],"tags":[],"class_list":["post-2307","post","type-post","status-publish","format-standard","has-post-thumbnail","hentry","category-nouvelles"],"acf":[],"_links":{"self":[{"href":"https:\/\/www.connorsa.es\/fr\/wp-json\/wp\/v2\/posts\/2307","targetHints":{"allow":["GET"]}}],"collection":[{"href":"https:\/\/www.connorsa.es\/fr\/wp-json\/wp\/v2\/posts"}],"about":[{"href":"https:\/\/www.connorsa.es\/fr\/wp-json\/wp\/v2\/types\/post"}],"author":[{"embeddable":true,"href":"https:\/\/www.connorsa.es\/fr\/wp-json\/wp\/v2\/users\/1"}],"replies":[{"embeddable":true,"href":"https:\/\/www.connorsa.es\/fr\/wp-json\/wp\/v2\/comments?post=2307"}],"version-history":[{"count":0,"href":"https:\/\/www.connorsa.es\/fr\/wp-json\/wp\/v2\/posts\/2307\/revisions"}],"wp:featuredmedia":[{"embeddable":true,"href":"https:\/\/www.connorsa.es\/fr\/wp-json\/wp\/v2\/media\/1847"}],"wp:attachment":[{"href":"https:\/\/www.connorsa.es\/fr\/wp-json\/wp\/v2\/media?parent=2307"}],"wp:term":[{"taxonomy":"category","embeddable":true,"href":"https:\/\/www.connorsa.es\/fr\/wp-json\/wp\/v2\/categories?post=2307"},{"taxonomy":"post_tag","embeddable":true,"href":"https:\/\/www.connorsa.es\/fr\/wp-json\/wp\/v2\/tags?post=2307"}],"curies":[{"name":"wp","href":"https:\/\/api.w.org\/{rel}","templated":true}]}}